{"id":6009,"date":"2026-08-31T15:17:38","date_gmt":"2026-08-31T13:17:38","guid":{"rendered":"https:\/\/lascalaw.com\/?p=6009"},"modified":"2026-08-31T16:39:53","modified_gmt":"2026-08-31T14:39:53","slug":"la-scala-societa-tra-avvocati-e-partner-scientifico-del-cvutilityday-2026","status":"publish","type":"post","link":"https:\/\/lascalaw.com\/en\/la-scala-societa-tra-avvocati-e-partner-scientifico-del-cvutilityday-2026\/","title":{"rendered":"La Scala Societ\u00e0 tra Avvocati \u00e8 Partner Scientifico del CvUtilityDay 2026"},"content":{"rendered":"\n<p class=\"wp-block-paragraph\">La Scala Societ\u00e0 tra Avvocati sar\u00e0 Partner Scientifico del CvUtilityDay 2026, l\u2019appuntamento promosso da Credit Village e dedicato ai protagonisti del mondo Utility, in programma l\u2019<strong>8 ottobre 2026 a Milano<\/strong>, presso Monterosa 91.<\/p>\n\n\n\n<p class=\"wp-block-paragraph\">Una partnership che nasce dalla volont\u00e0 di contribuire al confronto su alcuni dei principali cambiamenti che stanno interessando il settore, in un momento in cui innovazione tecnologica, evoluzione normativa e gestione del rapporto con il cliente stanno ridefinendo processi, strategie e modelli organizzativi delle aziende Utility.<\/p>\n\n\n\n<p class=\"wp-block-paragraph\">L\u2019edizione 2026 del CvUtilityDay porter\u00e0 al centro del dibattito temi di particolare attualit\u00e0 per il comparto, tra cui Switch 24, Intelligenza Artificiale, Data Governance e rischio reputazionale: sfide strettamente connesse tra loro, che richiedono alle imprese non solo capacit\u00e0 di innovazione, ma anche una sempre maggiore attenzione agli aspetti giuridici, regolamentari e di governance.<\/p>\n\n\n\n<p class=\"wp-block-paragraph\">All\u2019interno della giornata, saremo protagonisti di una roundtable, moderata da <a href=\"https:\/\/lascalaw.com\/persone\/christian-faggella\/\">Christian Faggella<\/a>, Amministratore Delegato, e da <a href=\"https:\/\/lascalaw.com\/persone\/marco-contini\/\">Marco Contini<\/a>, Partner dello Studio.<\/p>\n\n\n\n<p class=\"wp-block-paragraph\">Il confronto sar\u00e0 un\u2019occasione per approfondire, insieme ai rappresentanti del settore, le trasformazioni in corso e le implicazioni che queste comportano per le Utility, con particolare attenzione al rapporto tra innovazione, gestione del dato, nuove tecnologie e presidio del rischio.<\/p>\n\n\n\n<p class=\"wp-block-paragraph\">La partecipazione al CvUtilityDay conferma il nostro impegno nel promuovere momenti di confronto qualificato sui temi che stanno trasformando i mercati e nel mettere a disposizione delle imprese competenze specialistiche capaci di accompagnarle nell\u2019affrontare scenari sempre pi\u00f9 complessi.<\/p>\n\n\n\n<p class=\"wp-block-paragraph\">Il CvUtilityDay sar\u00e0 infatti anche un\u2019importante occasione di formazione, confronto e networking, all\u2019interno di un contesto qualificato e di una community altamente profilata, riunendo professionisti e operatori chiamati a interpretare le evoluzioni di un settore in continua trasformazione.<\/p>\n\n\n\n<p class=\"wp-block-paragraph\">L\u2019appuntamento \u00e8 per l\u20198 ottobre 2026 a Milano, a Monterosa 91. Per informazioni e iscrizioni <a href=\"https:\/\/cvutilityday.events\/\">clicca qui<\/a>.<\/p>\n","protected":false},"excerpt":{"rendered":"<p>La Scala Societ\u00e0 tra Avvocati sar\u00e0 Partner Scientifico del CvUtilityDay 2026, l\u2019appuntamento promosso da Credit Village e dedicato ai protagonisti del mondo Utility, in programma l\u20198 ottobre 2026 a Milano, presso Monterosa 91. Una partnership che nasce dalla volont\u00e0 di contribuire al confronto su alcuni dei principali cambiamenti che stanno interessando il settore, in un [&hellip;]<\/p>\n","protected":false},"author":4,"featured_media":6010,"comment_status":"open","ping_status":"open","sticky":false,"template":"","format":"standard","meta":{"footnotes":""},"categories":[18,1],"tags":[],"class_list":["post-6009","post","type-post","status-publish","format-standard","has-post-thumbnail","hentry","category-eventi","category-news"],"acf":[],"yoast_head":"<!-- This site is optimized with the Yoast SEO plugin v19.2 - https:\/\/yoast.com\/wordpress\/plugins\/seo\/ -->\n<title>La Scala Societ\u00e0 tra Avvocati \u00e8 Partner Scientifico del CvUtilityDay 2026 - La Scala Societ\u00e0 tra Avvocati<\/title>\n<meta name=\"robots\" content=\"index, follow, max-snippet:-1, max-image-preview:large, max-video-preview:-1\" \/>\n<link rel=\"canonical\" href=\"https:\/\/lascalaw.com\/la-scala-societa-tra-avvocati-e-partner-scientifico-del-cvutilityday-2026\/\" \/>\n<meta property=\"og:locale\" content=\"en_US\" \/>\n<meta property=\"og:type\" content=\"article\" \/>\n<meta property=\"og:title\" content=\"La Scala Societ\u00e0 tra Avvocati \u00e8 Partner Scientifico del CvUtilityDay 2026 - La Scala Societ\u00e0 tra Avvocati\" \/>\n<meta property=\"og:description\" content=\"La Scala Societ\u00e0 tra Avvocati sar\u00e0 Partner Scientifico del CvUtilityDay 2026, l\u2019appuntamento promosso da Credit Village e dedicato ai protagonisti del mondo Utility, in programma l\u20198 ottobre 2026 a Milano, presso Monterosa 91. Una partnership che nasce dalla volont\u00e0 di contribuire al confronto su alcuni dei principali cambiamenti che stanno interessando il settore, in un [&hellip;]\" \/>\n<meta property=\"og:url\" content=\"https:\/\/lascalaw.com\/la-scala-societa-tra-avvocati-e-partner-scientifico-del-cvutilityday-2026\/\" \/>\n<meta property=\"og:site_name\" content=\"La Scala Societ\u00e0 tra Avvocati\" \/>\n<meta property=\"article:publisher\" content=\"https:\/\/www.facebook.com\/pages\/La-Scala-Studio-Legale\/510938785639504\" \/>\n<meta property=\"article:published_time\" content=\"2026-08-31T13:17:38+00:00\" \/>\n<meta property=\"article:modified_time\" content=\"2026-08-31T14:39:53+00:00\" \/>\n<meta property=\"og:image\" content=\"https:\/\/lascalaw.com\/wp-content\/uploads\/2026\/08\/Screenshot-2026-08-31-151548.png\" \/>\n\t<meta property=\"og:image:width\" content=\"659\" \/>\n\t<meta property=\"og:image:height\" content=\"288\" \/>\n\t<meta property=\"og:image:type\" content=\"image\/png\" \/>\n<meta name=\"author\" content=\"a.intranuovo\" \/>\n<meta name=\"twitter:card\" content=\"summary_large_image\" \/>\n<meta name=\"twitter:creator\" content=\"@Lascalaw\" \/>\n<meta name=\"twitter:site\" content=\"@Lascalaw\" \/>\n<meta name=\"twitter:label1\" content=\"Written by\" \/>\n\t<meta name=\"twitter:data1\" content=\"a.intranuovo\" \/>\n\t<meta name=\"twitter:label2\" content=\"Est. reading time\" \/>\n\t<meta name=\"twitter:data2\" content=\"1 minute\" \/>\n<script type=\"application\/ld+json\" class=\"yoast-schema-graph\">{\"@context\":\"https:\/\/schema.org\",\"@graph\":[{\"@type\":\"Organization\",\"@id\":\"https:\/\/lascalaw.com\/#organization\",\"name\":\"La Scala - Societ\u00e0 tra Avvocati\",\"url\":\"https:\/\/lascalaw.com\/\",\"sameAs\":[\"http:\/\/www.youtube.com\/user\/lascalaw\",\"https:\/\/www.instagram.com\/lascalaw\/\",\"http:\/\/it.linkedin.com\/company\/la-scala-studio-legale\",\"https:\/\/www.facebook.com\/pages\/La-Scala-Studio-Legale\/510938785639504\",\"https:\/\/twitter.com\/Lascalaw\"],\"logo\":{\"@type\":\"ImageObject\",\"inLanguage\":\"en-US\",\"@id\":\"https:\/\/lascalaw.com\/#\/schema\/logo\/image\/\",\"url\":\"https:\/\/lascalawstaging.it\/wp-content\/uploads\/2022\/05\/lascala.png\",\"contentUrl\":\"https:\/\/lascalawstaging.it\/wp-content\/uploads\/2022\/05\/lascala.png\",\"width\":285,\"height\":122,\"caption\":\"La Scala - Societ\u00e0 tra Avvocati\"},\"image\":{\"@id\":\"https:\/\/lascalaw.com\/#\/schema\/logo\/image\/\"}},{\"@type\":\"WebSite\",\"@id\":\"https:\/\/lascalaw.com\/#website\",\"url\":\"https:\/\/lascalaw.com\/\",\"name\":\"La Scala Societ\u00e0 tra Avvocati\",\"description\":\"\",\"publisher\":{\"@id\":\"https:\/\/lascalaw.com\/#organization\"},\"potentialAction\":[{\"@type\":\"SearchAction\",\"target\":{\"@type\":\"EntryPoint\",\"urlTemplate\":\"https:\/\/lascalaw.com\/?s={search_term_string}\"},\"query-input\":\"required name=search_term_string\"}],\"inLanguage\":\"en-US\"},{\"@type\":\"ImageObject\",\"inLanguage\":\"en-US\",\"@id\":\"https:\/\/lascalaw.com\/la-scala-societa-tra-avvocati-e-partner-scientifico-del-cvutilityday-2026\/#primaryimage\",\"url\":\"https:\/\/lascalaw.com\/wp-content\/uploads\/2026\/08\/Screenshot-2026-08-31-151548.png\",\"contentUrl\":\"https:\/\/lascalaw.com\/wp-content\/uploads\/2026\/08\/Screenshot-2026-08-31-151548.png\",\"width\":659,\"height\":288},{\"@type\":\"WebPage\",\"@id\":\"https:\/\/lascalaw.com\/la-scala-societa-tra-avvocati-e-partner-scientifico-del-cvutilityday-2026\/#webpage\",\"url\":\"https:\/\/lascalaw.com\/la-scala-societa-tra-avvocati-e-partner-scientifico-del-cvutilityday-2026\/\",\"name\":\"La Scala Societ\u00e0 tra Avvocati \u00e8 Partner Scientifico del CvUtilityDay 2026 - La Scala Societ\u00e0 tra Avvocati\",\"isPartOf\":{\"@id\":\"https:\/\/lascalaw.com\/#website\"},\"primaryImageOfPage\":{\"@id\":\"https:\/\/lascalaw.com\/la-scala-societa-tra-avvocati-e-partner-scientifico-del-cvutilityday-2026\/#primaryimage\"},\"datePublished\":\"2026-08-31T13:17:38+00:00\",\"dateModified\":\"2026-08-31T14:39:53+00:00\",\"breadcrumb\":{\"@id\":\"https:\/\/lascalaw.com\/la-scala-societa-tra-avvocati-e-partner-scientifico-del-cvutilityday-2026\/#breadcrumb\"},\"inLanguage\":\"en-US\",\"potentialAction\":[{\"@type\":\"ReadAction\",\"target\":[\"https:\/\/lascalaw.com\/la-scala-societa-tra-avvocati-e-partner-scientifico-del-cvutilityday-2026\/\"]}]},{\"@type\":\"BreadcrumbList\",\"@id\":\"https:\/\/lascalaw.com\/la-scala-societa-tra-avvocati-e-partner-scientifico-del-cvutilityday-2026\/#breadcrumb\",\"itemListElement\":[{\"@type\":\"ListItem\",\"position\":1,\"name\":\"Home\",\"item\":\"https:\/\/lascalaw.com\/en\/\"},{\"@type\":\"ListItem\",\"position\":2,\"name\":\"La Scala Societ\u00e0 tra Avvocati \u00e8 Partner Scientifico del CvUtilityDay 2026\"}]},{\"@type\":\"Article\",\"@id\":\"https:\/\/lascalaw.com\/la-scala-societa-tra-avvocati-e-partner-scientifico-del-cvutilityday-2026\/#article\",\"isPartOf\":{\"@id\":\"https:\/\/lascalaw.com\/la-scala-societa-tra-avvocati-e-partner-scientifico-del-cvutilityday-2026\/#webpage\"},\"author\":{\"name\":\"a.intranuovo\",\"@id\":\"https:\/\/lascalaw.com\/#\/schema\/person\/ea84977337bc7ed93a0bc259a9a924d7\"},\"headline\":\"La Scala Societ\u00e0 tra Avvocati \u00e8 Partner Scientifico del CvUtilityDay 2026\",\"datePublished\":\"2026-08-31T13:17:38+00:00\",\"dateModified\":\"2026-08-31T14:39:53+00:00\",\"mainEntityOfPage\":{\"@id\":\"https:\/\/lascalaw.com\/la-scala-societa-tra-avvocati-e-partner-scientifico-del-cvutilityday-2026\/#webpage\"},\"wordCount\":296,\"commentCount\":0,\"publisher\":{\"@id\":\"https:\/\/lascalaw.com\/#organization\"},\"image\":{\"@id\":\"https:\/\/lascalaw.com\/la-scala-societa-tra-avvocati-e-partner-scientifico-del-cvutilityday-2026\/#primaryimage\"},\"thumbnailUrl\":\"https:\/\/lascalaw.com\/wp-content\/uploads\/2026\/08\/Screenshot-2026-08-31-151548.png\",\"articleSection\":[\"Eventi\",\"News\"],\"inLanguage\":\"en-US\",\"potentialAction\":[{\"@type\":\"CommentAction\",\"name\":\"Comment\",\"target\":[\"https:\/\/lascalaw.com\/la-scala-societa-tra-avvocati-e-partner-scientifico-del-cvutilityday-2026\/#respond\"]}]},{\"@type\":\"Person\",\"@id\":\"https:\/\/lascalaw.com\/#\/schema\/person\/ea84977337bc7ed93a0bc259a9a924d7\",\"name\":\"a.intranuovo\",\"image\":{\"@type\":\"ImageObject\",\"inLanguage\":\"en-US\",\"@id\":\"https:\/\/lascalaw.com\/#\/schema\/person\/image\/\",\"url\":\"https:\/\/secure.gravatar.com\/avatar\/6744416eb2beb425be6b75ca01e1496cc292388ae13541952467b0e537a8e4d1?s=96&d=mm&r=g\",\"contentUrl\":\"https:\/\/secure.gravatar.com\/avatar\/6744416eb2beb425be6b75ca01e1496cc292388ae13541952467b0e537a8e4d1?s=96&d=mm&r=g\",\"caption\":\"a.intranuovo\"},\"url\":\"https:\/\/lascalaw.com\/en\/author\/a-intranuovo\/\"}]}<\/script>\n<!-- \/ Yoast SEO plugin. -->","yoast_head_json":{"title":"La Scala Societ\u00e0 tra Avvocati \u00e8 Partner Scientifico del CvUtilityDay 2026 - La Scala Societ\u00e0 tra Avvocati","robots":{"index":"index","follow":"follow","max-snippet":"max-snippet:-1","max-image-preview":"max-image-preview:large","max-video-preview":"max-video-preview:-1"},"canonical":"https:\/\/lascalaw.com\/la-scala-societa-tra-avvocati-e-partner-scientifico-del-cvutilityday-2026\/","og_locale":"en_US","og_type":"article","og_title":"La Scala Societ\u00e0 tra Avvocati \u00e8 Partner Scientifico del CvUtilityDay 2026 - La Scala Societ\u00e0 tra Avvocati","og_description":"La Scala Societ\u00e0 tra Avvocati sar\u00e0 Partner Scientifico del CvUtilityDay 2026, l\u2019appuntamento promosso da Credit Village e dedicato ai protagonisti del mondo Utility, in programma l\u20198 ottobre 2026 a Milano, presso Monterosa 91. Una partnership che nasce dalla volont\u00e0 di contribuire al confronto su alcuni dei principali cambiamenti che stanno interessando il settore, in un [&hellip;]","og_url":"https:\/\/lascalaw.com\/la-scala-societa-tra-avvocati-e-partner-scientifico-del-cvutilityday-2026\/","og_site_name":"La Scala Societ\u00e0 tra Avvocati","article_publisher":"https:\/\/www.facebook.com\/pages\/La-Scala-Studio-Legale\/510938785639504","article_published_time":"2026-08-31T13:17:38+00:00","article_modified_time":"2026-08-31T14:39:53+00:00","og_image":[{"width":659,"height":288,"url":"https:\/\/lascalaw.com\/wp-content\/uploads\/2026\/08\/Screenshot-2026-08-31-151548.png","type":"image\/png"}],"author":"a.intranuovo","twitter_card":"summary_large_image","twitter_creator":"@Lascalaw","twitter_site":"@Lascalaw","twitter_misc":{"Written by":"a.intranuovo","Est. reading time":"1 minute"},"schema":{"@context":"https:\/\/schema.org","@graph":[{"@type":"Organization","@id":"https:\/\/lascalaw.com\/#organization","name":"La Scala - Societ\u00e0 tra Avvocati","url":"https:\/\/lascalaw.com\/","sameAs":["http:\/\/www.youtube.com\/user\/lascalaw","https:\/\/www.instagram.com\/lascalaw\/","http:\/\/it.linkedin.com\/company\/la-scala-studio-legale","https:\/\/www.facebook.com\/pages\/La-Scala-Studio-Legale\/510938785639504","https:\/\/twitter.com\/Lascalaw"],"logo":{"@type":"ImageObject","inLanguage":"en-US","@id":"https:\/\/lascalaw.com\/#\/schema\/logo\/image\/","url":"https:\/\/lascalawstaging.it\/wp-content\/uploads\/2022\/05\/lascala.png","contentUrl":"https:\/\/lascalawstaging.it\/wp-content\/uploads\/2022\/05\/lascala.png","width":285,"height":122,"caption":"La Scala - Societ\u00e0 tra Avvocati"},"image":{"@id":"https:\/\/lascalaw.com\/#\/schema\/logo\/image\/"}},{"@type":"WebSite","@id":"https:\/\/lascalaw.com\/#website","url":"https:\/\/lascalaw.com\/","name":"La Scala Societ\u00e0 tra Avvocati","description":"","publisher":{"@id":"https:\/\/lascalaw.com\/#organization"},"potentialAction":[{"@type":"SearchAction","target":{"@type":"EntryPoint","urlTemplate":"https:\/\/lascalaw.com\/?s={search_term_string}"},"query-input":"required name=search_term_string"}],"inLanguage":"en-US"},{"@type":"ImageObject","inLanguage":"en-US","@id":"https:\/\/lascalaw.com\/la-scala-societa-tra-avvocati-e-partner-scientifico-del-cvutilityday-2026\/#primaryimage","url":"https:\/\/lascalaw.com\/wp-content\/uploads\/2026\/08\/Screenshot-2026-08-31-151548.png","contentUrl":"https:\/\/lascalaw.com\/wp-content\/uploads\/2026\/08\/Screenshot-2026-08-31-151548.png","width":659,"height":288},{"@type":"WebPage","@id":"https:\/\/lascalaw.com\/la-scala-societa-tra-avvocati-e-partner-scientifico-del-cvutilityday-2026\/#webpage","url":"https:\/\/lascalaw.com\/la-scala-societa-tra-avvocati-e-partner-scientifico-del-cvutilityday-2026\/","name":"La Scala Societ\u00e0 tra Avvocati \u00e8 Partner Scientifico del CvUtilityDay 2026 - La Scala Societ\u00e0 tra Avvocati","isPartOf":{"@id":"https:\/\/lascalaw.com\/#website"},"primaryImageOfPage":{"@id":"https:\/\/lascalaw.com\/la-scala-societa-tra-avvocati-e-partner-scientifico-del-cvutilityday-2026\/#primaryimage"},"datePublished":"2026-08-31T13:17:38+00:00","dateModified":"2026-08-31T14:39:53+00:00","breadcrumb":{"@id":"https:\/\/lascalaw.com\/la-scala-societa-tra-avvocati-e-partner-scientifico-del-cvutilityday-2026\/#breadcrumb"},"inLanguage":"en-US","potentialAction":[{"@type":"ReadAction","target":["https:\/\/lascalaw.com\/la-scala-societa-tra-avvocati-e-partner-scientifico-del-cvutilityday-2026\/"]}]},{"@type":"BreadcrumbList","@id":"https:\/\/lascalaw.com\/la-scala-societa-tra-avvocati-e-partner-scientifico-del-cvutilityday-2026\/#breadcrumb","itemListElement":[{"@type":"ListItem","position":1,"name":"Home","item":"https:\/\/lascalaw.com\/en\/"},{"@type":"ListItem","position":2,"name":"La Scala Societ\u00e0 tra Avvocati \u00e8 Partner Scientifico del CvUtilityDay 2026"}]},{"@type":"Article","@id":"https:\/\/lascalaw.com\/la-scala-societa-tra-avvocati-e-partner-scientifico-del-cvutilityday-2026\/#article","isPartOf":{"@id":"https:\/\/lascalaw.com\/la-scala-societa-tra-avvocati-e-partner-scientifico-del-cvutilityday-2026\/#webpage"},"author":{"name":"a.intranuovo","@id":"https:\/\/lascalaw.com\/#\/schema\/person\/ea84977337bc7ed93a0bc259a9a924d7"},"headline":"La Scala Societ\u00e0 tra Avvocati \u00e8 Partner Scientifico del CvUtilityDay 2026","datePublished":"2026-08-31T13:17:38+00:00","dateModified":"2026-08-31T14:39:53+00:00","mainEntityOfPage":{"@id":"https:\/\/lascalaw.com\/la-scala-societa-tra-avvocati-e-partner-scientifico-del-cvutilityday-2026\/#webpage"},"wordCount":296,"commentCount":0,"publisher":{"@id":"https:\/\/lascalaw.com\/#organization"},"image":{"@id":"https:\/\/lascalaw.com\/la-scala-societa-tra-avvocati-e-partner-scientifico-del-cvutilityday-2026\/#primaryimage"},"thumbnailUrl":"https:\/\/lascalaw.com\/wp-content\/uploads\/2026\/08\/Screenshot-2026-08-31-151548.png","articleSection":["Eventi","News"],"inLanguage":"en-US","potentialAction":[{"@type":"CommentAction","name":"Comment","target":["https:\/\/lascalaw.com\/la-scala-societa-tra-avvocati-e-partner-scientifico-del-cvutilityday-2026\/#respond"]}]},{"@type":"Person","@id":"https:\/\/lascalaw.com\/#\/schema\/person\/ea84977337bc7ed93a0bc259a9a924d7","name":"a.intranuovo","image":{"@type":"ImageObject","inLanguage":"en-US","@id":"https:\/\/lascalaw.com\/#\/schema\/person\/image\/","url":"https:\/\/secure.gravatar.com\/avatar\/6744416eb2beb425be6b75ca01e1496cc292388ae13541952467b0e537a8e4d1?s=96&d=mm&r=g","contentUrl":"https:\/\/secure.gravatar.com\/avatar\/6744416eb2beb425be6b75ca01e1496cc292388ae13541952467b0e537a8e4d1?s=96&d=mm&r=g","caption":"a.intranuovo"},"url":"https:\/\/lascalaw.com\/en\/author\/a-intranuovo\/"}]}},"_links":{"self":[{"href":"https:\/\/lascalaw.com\/en\/wp-json\/wp\/v2\/posts\/6009","targetHints":{"allow":["GET"]}}],"collection":[{"href":"https:\/\/lascalaw.com\/en\/wp-json\/wp\/v2\/posts"}],"about":[{"href":"https:\/\/lascalaw.com\/en\/wp-json\/wp\/v2\/types\/post"}],"author":[{"embeddable":true,"href":"https:\/\/lascalaw.com\/en\/wp-json\/wp\/v2\/users\/4"}],"replies":[{"embeddable":true,"href":"https:\/\/lascalaw.com\/en\/wp-json\/wp\/v2\/comments?post=6009"}],"version-history":[{"count":6,"href":"https:\/\/lascalaw.com\/en\/wp-json\/wp\/v2\/posts\/6009\/revisions"}],"predecessor-version":[{"id":6018,"href":"https:\/\/lascalaw.com\/en\/wp-json\/wp\/v2\/posts\/6009\/revisions\/6018"}],"wp:featuredmedia":[{"embeddable":true,"href":"https:\/\/lascalaw.com\/en\/wp-json\/wp\/v2\/media\/6010"}],"wp:attachment":[{"href":"https:\/\/lascalaw.com\/en\/wp-json\/wp\/v2\/media?parent=6009"}],"wp:term":[{"taxonomy":"category","embeddable":true,"href":"https:\/\/lascalaw.com\/en\/wp-json\/wp\/v2\/categories?post=6009"},{"taxonomy":"post_tag","embeddable":true,"href":"https:\/\/lascalaw.com\/en\/wp-json\/wp\/v2\/tags?post=6009"}],"curies":[{"name":"wp","href":"https:\/\/api.w.org\/{rel}","templated":true}]}}